{"id":6712,"date":"2022-10-27T15:18:00","date_gmt":"2022-10-27T13:18:00","guid":{"rendered":"https:\/\/wp2.swud.org\/?p=6712"},"modified":"2025-02-02T15:20:44","modified_gmt":"2025-02-02T14:20:44","slug":"auftakt-swd-feiert-jubilaeum","status":"publish","type":"post","link":"https:\/\/www.swud.org\/en\/auftakt-swd-feiert-jubilaeum\/","title":{"rendered":"Kick-off: SW&amp;D celebrates anniversary"},"content":{"rendered":"<p><strong>Celebration of the 30th anniversary of the Science and Democracy Foundation<\/strong><\/p>\n\n\n\n<p>24 October this year would have been the 85th birthday of founder Eberhard Sch\u00fctt-Wetschky - the perfect time for the Science &amp; Democracy Foundation, which he founded, to celebrate the foundation's 30th anniversary with employees, long-time companions and friends of the foundation!<\/p>\n\n\n\n<p>We met at the Hotel Kieler Yachtclub to celebrate the start of the anniversary year in a festive atmosphere.<br>In keeping with the scientific tradition of the foundation, the afternoon&nbsp;<em>Dr Jochen Bittner<\/em>&nbsp;from DIE ZEIT guided the 100 or so guests through discussions with high-calibre representatives from academia and political practice.<br>This is how&nbsp;<em>Prof Dr Joachim Krause<\/em>&nbsp;(Foundation for Science &amp; Democracy, ISPK),&nbsp;<em>Prof Dr Jens Hacke<\/em>&nbsp;(University of the Federal Armed Forces Munich) and&nbsp;<em>Gyde Jensen<\/em>&nbsp;(Member of the Bundestag, FDP) to the question&nbsp;<strong>\"How do democracies create external peace?\"<\/strong>. Afterwards they discussed&nbsp;<em>Prof Dr Suzanne S. Sch\u00fcttemeyer<\/em>&nbsp;(IParl),&nbsp;<em>Prof Dr Wolfgang Zeh<\/em>&nbsp;(former Director of the German Bundestag),&nbsp;<em>Prof Dr Wilhelm Knelangen<\/em>&nbsp;(Institute for Social Sciences at the Christian-Albrechts-Universit\u00e4t zu Kiel) and&nbsp;<em>Dr Ernst Dieter Rossmann<\/em>&nbsp;(former Member of the Bundestag, SPD) on the question&nbsp;<strong>\"How do parliaments create inner peace?\"<\/strong>.<\/p>\n\n\n\n<p>In the evening&nbsp;<em>Schleswig-Holstein's Education Minister Karin Prien<\/em>&nbsp;(Minister for General and Vocational Education, Science, Research and Culture of the State of Schleswig-Holstein) and&nbsp;<em>Lord Mayor of Kiel Dr Ulf K\u00e4mpfer<\/em>&nbsp;(City of Kiel) congratulated the Executive Board, Advisory Board and employees of the Foundation.<\/p>\n\n\n\n<p>A successful start to the Foundation's anniversary year - stay tuned to see what else this year has to offer!<\/p>\n\n\n\n<p><strong>You can find more information about SW&amp;D's 30th anniversary here <a href=\"https:\/\/www.swud.org\/en\/swud\/was-bewegt-die-swud\/#dreisig-jahre-swud\">HERE<\/a>.<\/strong><\/p>\n\n\n\n<figure class=\"wp-block-image size-large\"><img loading=\"lazy\" decoding=\"async\" width=\"1024\" height=\"768\" src=\"https:\/\/www.swud.org\/wp-content\/uploads\/2025\/02\/Kollage_Jubilaeum-1024x768.jpg\" alt=\"\" class=\"wp-image-6713\" srcset=\"https:\/\/www.swud.org\/wp-content\/uploads\/2025\/02\/Kollage_Jubilaeum-1024x768.jpg 1024w, https:\/\/www.swud.org\/wp-content\/uploads\/2025\/02\/Kollage_Jubilaeum-1200x900.jpg 1200w, https:\/\/www.swud.org\/wp-content\/uploads\/2025\/02\/Kollage_Jubilaeum-768x576.jpg 768w, https:\/\/www.swud.org\/wp-content\/uploads\/2025\/02\/Kollage_Jubilaeum-16x12.jpg 16w, https:\/\/www.swud.org\/wp-content\/uploads\/2025\/02\/Kollage_Jubilaeum-300x225.jpg 300w, https:\/\/www.swud.org\/wp-content\/uploads\/2025\/02\/Kollage_Jubilaeum.jpg 1417w\" sizes=\"auto, (max-width: 1024px) 100vw, 1024px\" \/><\/figure>","protected":false},"excerpt":{"rendered":"<p>Celebrating the 30th anniversary of the Science and Democracy Foundation On 24 October this year, it would have been the 85th birthday of the founder Eberhard Sch\u00fctt-Wetschky - the perfect time for the Science &amp; Democracy Foundation, which he founded, to celebrate the 30th anniversary of the foundation with employees, long-time companions and friends of the foundation! We met [...]<\/p>","protected":false},"author":3,"featured_media":6700,"comment_status":"closed","ping_status":"closed","sticky":false,"template":"","format":"standard","meta":{"_acf_changed":false,"footnotes":""},"categories":[1],"tags":[],"class_list":["post-6712","post","type-post","status-publish","format-standard","has-post-thumbnail","hentry","category-allgemein"],"acf":[],"featured_image_src":"https:\/\/www.swud.org\/wp-content\/uploads\/2025\/02\/Jubilaeum-KYC.jpg","author_info":{"display_name":"Kirsten Richter","author_link":"https:\/\/www.swud.org\/en\/author\/kirstenrichter\/"},"yoast_head":"<!-- This site is optimized with the Yoast SEO plugin v26.9 - https:\/\/yoast.com\/product\/yoast-seo-wordpress\/ -->\n<title>Auftakt: SW&amp;D feiert Jubil\u00e4um - Stiftung Wissenschaft und Demokratie<\/title>\n<meta name=\"robots\" content=\"index, follow, max-snippet:-1, max-image-preview:large, max-video-preview:-1\" \/>\n<link rel=\"canonical\" href=\"https:\/\/www.swud.org\/en\/auftakt-swd-feiert-jubilaeum\/\" \/>\n<meta property=\"og:locale\" content=\"en_GB\" \/>\n<meta property=\"og:type\" content=\"article\" \/>\n<meta property=\"og:title\" content=\"Auftakt: SW&amp;D feiert Jubil\u00e4um - Stiftung Wissenschaft und Demokratie\" \/>\n<meta property=\"og:description\" content=\"Feier zum 30-j\u00e4hrigen Jubil\u00e4um der Stiftung Wissenschaft und Demokratie Am 24. Oktober diesen Jahres w\u00e4re der 85. Geburtstag des Stifters Eberhard Sch\u00fctt-Wetschky gewesen &#8211; f\u00fcr die von ihm gegr\u00fcndete Stiftung Wissenschaft &amp; Demokratie der perfekte Zeitpunkt, um das 30-j\u00e4hrige Jubil\u00e4um der Stiftung mit Mitarbeitenden, langj\u00e4hrigen Weggef\u00e4hrt*innen und Freund*innen der Stiftung zu feiern! Wir trafen uns [&hellip;]\" \/>\n<meta property=\"og:url\" content=\"https:\/\/www.swud.org\/en\/auftakt-swd-feiert-jubilaeum\/\" \/>\n<meta property=\"og:site_name\" content=\"Stiftung Wissenschaft und Demokratie\" \/>\n<meta property=\"article:published_time\" content=\"2022-10-27T13:18:00+00:00\" \/>\n<meta property=\"article:modified_time\" content=\"2025-02-02T14:20:44+00:00\" \/>\n<meta property=\"og:image\" content=\"https:\/\/www.swud.org\/wp-content\/uploads\/2025\/02\/Jubilaeum-KYC.jpg\" \/>\n\t<meta property=\"og:image:width\" content=\"300\" \/>\n\t<meta property=\"og:image:height\" content=\"300\" \/>\n\t<meta property=\"og:image:type\" content=\"image\/jpeg\" \/>\n<meta name=\"author\" content=\"Kirsten Richter\" \/>\n<meta name=\"twitter:card\" content=\"summary_large_image\" \/>\n<meta name=\"twitter:label1\" content=\"Written by\" \/>\n\t<meta name=\"twitter:data1\" content=\"Kirsten Richter\" \/>\n\t<meta name=\"twitter:label2\" content=\"Est. reading time\" \/>\n\t<meta name=\"twitter:data2\" content=\"2 minutes\" \/>\n<script type=\"application\/ld+json\" class=\"yoast-schema-graph\">{\"@context\":\"https:\/\/schema.org\",\"@graph\":[{\"@type\":\"Article\",\"@id\":\"https:\/\/www.swud.org\/en\/auftakt-swd-feiert-jubilaeum\/#article\",\"isPartOf\":{\"@id\":\"https:\/\/www.swud.org\/en\/auftakt-swd-feiert-jubilaeum\/\"},\"author\":{\"name\":\"Kirsten Richter\",\"@id\":\"https:\/\/www.swud.org\/#\/schema\/person\/a77df42448fabd372f76092aec4f6e45\"},\"headline\":\"Auftakt: SW&amp;D feiert Jubil\u00e4um\",\"datePublished\":\"2022-10-27T13:18:00+00:00\",\"dateModified\":\"2025-02-02T14:20:44+00:00\",\"mainEntityOfPage\":{\"@id\":\"https:\/\/www.swud.org\/en\/auftakt-swd-feiert-jubilaeum\/\"},\"wordCount\":310,\"image\":{\"@id\":\"https:\/\/www.swud.org\/en\/auftakt-swd-feiert-jubilaeum\/#primaryimage\"},\"thumbnailUrl\":\"https:\/\/www.swud.org\/wp-content\/uploads\/2025\/02\/Jubilaeum-KYC.jpg\",\"articleSection\":[\"Allgemein\"],\"inLanguage\":\"en-GB\"},{\"@type\":\"WebPage\",\"@id\":\"https:\/\/www.swud.org\/en\/auftakt-swd-feiert-jubilaeum\/\",\"url\":\"https:\/\/www.swud.org\/en\/auftakt-swd-feiert-jubilaeum\/\",\"name\":\"Auftakt: SW&amp;D feiert Jubil\u00e4um - Stiftung Wissenschaft und Demokratie\",\"isPartOf\":{\"@id\":\"https:\/\/www.swud.org\/#website\"},\"primaryImageOfPage\":{\"@id\":\"https:\/\/www.swud.org\/en\/auftakt-swd-feiert-jubilaeum\/#primaryimage\"},\"image\":{\"@id\":\"https:\/\/www.swud.org\/en\/auftakt-swd-feiert-jubilaeum\/#primaryimage\"},\"thumbnailUrl\":\"https:\/\/www.swud.org\/wp-content\/uploads\/2025\/02\/Jubilaeum-KYC.jpg\",\"datePublished\":\"2022-10-27T13:18:00+00:00\",\"dateModified\":\"2025-02-02T14:20:44+00:00\",\"author\":{\"@id\":\"https:\/\/www.swud.org\/#\/schema\/person\/a77df42448fabd372f76092aec4f6e45\"},\"breadcrumb\":{\"@id\":\"https:\/\/www.swud.org\/en\/auftakt-swd-feiert-jubilaeum\/#breadcrumb\"},\"inLanguage\":\"en-GB\",\"potentialAction\":[{\"@type\":\"ReadAction\",\"target\":[\"https:\/\/www.swud.org\/en\/auftakt-swd-feiert-jubilaeum\/\"]}]},{\"@type\":\"ImageObject\",\"inLanguage\":\"en-GB\",\"@id\":\"https:\/\/www.swud.org\/en\/auftakt-swd-feiert-jubilaeum\/#primaryimage\",\"url\":\"https:\/\/www.swud.org\/wp-content\/uploads\/2025\/02\/Jubilaeum-KYC.jpg\",\"contentUrl\":\"https:\/\/www.swud.org\/wp-content\/uploads\/2025\/02\/Jubilaeum-KYC.jpg\",\"width\":300,\"height\":300},{\"@type\":\"BreadcrumbList\",\"@id\":\"https:\/\/www.swud.org\/en\/auftakt-swd-feiert-jubilaeum\/#breadcrumb\",\"itemListElement\":[{\"@type\":\"ListItem\",\"position\":1,\"name\":\"Startseite\",\"item\":\"https:\/\/www.swud.org\/\"},{\"@type\":\"ListItem\",\"position\":2,\"name\":\"Auftakt: SW&amp;D feiert Jubil\u00e4um\"}]},{\"@type\":\"WebSite\",\"@id\":\"https:\/\/www.swud.org\/#website\",\"url\":\"https:\/\/www.swud.org\/\",\"name\":\"Stiftung Wissenschaft und Demokratie\",\"description\":\"\",\"potentialAction\":[{\"@type\":\"SearchAction\",\"target\":{\"@type\":\"EntryPoint\",\"urlTemplate\":\"https:\/\/www.swud.org\/?s={search_term_string}\"},\"query-input\":{\"@type\":\"PropertyValueSpecification\",\"valueRequired\":true,\"valueName\":\"search_term_string\"}}],\"inLanguage\":\"en-GB\"},{\"@type\":\"Person\",\"@id\":\"https:\/\/www.swud.org\/#\/schema\/person\/a77df42448fabd372f76092aec4f6e45\",\"name\":\"Kirsten Richter\",\"image\":{\"@type\":\"ImageObject\",\"inLanguage\":\"en-GB\",\"@id\":\"https:\/\/www.swud.org\/#\/schema\/person\/image\/\",\"url\":\"https:\/\/secure.gravatar.com\/avatar\/cbb9547013051ab71268fd6f521af75b92312d5e9be914eef4950b941357e351?s=96&d=mm&r=g\",\"contentUrl\":\"https:\/\/secure.gravatar.com\/avatar\/cbb9547013051ab71268fd6f521af75b92312d5e9be914eef4950b941357e351?s=96&d=mm&r=g\",\"caption\":\"Kirsten Richter\"}}]}<\/script>\n<!-- \/ Yoast SEO plugin. -->","yoast_head_json":{"title":"Auftakt: SW&amp;D feiert Jubil\u00e4um - Stiftung Wissenschaft und Demokratie","robots":{"index":"index","follow":"follow","max-snippet":"max-snippet:-1","max-image-preview":"max-image-preview:large","max-video-preview":"max-video-preview:-1"},"canonical":"https:\/\/www.swud.org\/en\/auftakt-swd-feiert-jubilaeum\/","og_locale":"en_GB","og_type":"article","og_title":"Auftakt: SW&amp;D feiert Jubil\u00e4um - Stiftung Wissenschaft und Demokratie","og_description":"Feier zum 30-j\u00e4hrigen Jubil\u00e4um der Stiftung Wissenschaft und Demokratie Am 24. Oktober diesen Jahres w\u00e4re der 85. Geburtstag des Stifters Eberhard Sch\u00fctt-Wetschky gewesen &#8211; f\u00fcr die von ihm gegr\u00fcndete Stiftung Wissenschaft &amp; Demokratie der perfekte Zeitpunkt, um das 30-j\u00e4hrige Jubil\u00e4um der Stiftung mit Mitarbeitenden, langj\u00e4hrigen Weggef\u00e4hrt*innen und Freund*innen der Stiftung zu feiern! Wir trafen uns [&hellip;]","og_url":"https:\/\/www.swud.org\/en\/auftakt-swd-feiert-jubilaeum\/","og_site_name":"Stiftung Wissenschaft und Demokratie","article_published_time":"2022-10-27T13:18:00+00:00","article_modified_time":"2025-02-02T14:20:44+00:00","og_image":[{"width":300,"height":300,"url":"https:\/\/www.swud.org\/wp-content\/uploads\/2025\/02\/Jubilaeum-KYC.jpg","type":"image\/jpeg"}],"author":"Kirsten Richter","twitter_card":"summary_large_image","twitter_misc":{"Written by":"Kirsten Richter","Est. reading time":"2 minutes"},"schema":{"@context":"https:\/\/schema.org","@graph":[{"@type":"Article","@id":"https:\/\/www.swud.org\/en\/auftakt-swd-feiert-jubilaeum\/#article","isPartOf":{"@id":"https:\/\/www.swud.org\/en\/auftakt-swd-feiert-jubilaeum\/"},"author":{"name":"Kirsten Richter","@id":"https:\/\/www.swud.org\/#\/schema\/person\/a77df42448fabd372f76092aec4f6e45"},"headline":"Auftakt: SW&amp;D feiert Jubil\u00e4um","datePublished":"2022-10-27T13:18:00+00:00","dateModified":"2025-02-02T14:20:44+00:00","mainEntityOfPage":{"@id":"https:\/\/www.swud.org\/en\/auftakt-swd-feiert-jubilaeum\/"},"wordCount":310,"image":{"@id":"https:\/\/www.swud.org\/en\/auftakt-swd-feiert-jubilaeum\/#primaryimage"},"thumbnailUrl":"https:\/\/www.swud.org\/wp-content\/uploads\/2025\/02\/Jubilaeum-KYC.jpg","articleSection":["Allgemein"],"inLanguage":"en-GB"},{"@type":"WebPage","@id":"https:\/\/www.swud.org\/en\/auftakt-swd-feiert-jubilaeum\/","url":"https:\/\/www.swud.org\/en\/auftakt-swd-feiert-jubilaeum\/","name":"Auftakt: SW&amp;D feiert Jubil\u00e4um - Stiftung Wissenschaft und Demokratie","isPartOf":{"@id":"https:\/\/www.swud.org\/#website"},"primaryImageOfPage":{"@id":"https:\/\/www.swud.org\/en\/auftakt-swd-feiert-jubilaeum\/#primaryimage"},"image":{"@id":"https:\/\/www.swud.org\/en\/auftakt-swd-feiert-jubilaeum\/#primaryimage"},"thumbnailUrl":"https:\/\/www.swud.org\/wp-content\/uploads\/2025\/02\/Jubilaeum-KYC.jpg","datePublished":"2022-10-27T13:18:00+00:00","dateModified":"2025-02-02T14:20:44+00:00","author":{"@id":"https:\/\/www.swud.org\/#\/schema\/person\/a77df42448fabd372f76092aec4f6e45"},"breadcrumb":{"@id":"https:\/\/www.swud.org\/en\/auftakt-swd-feiert-jubilaeum\/#breadcrumb"},"inLanguage":"en-GB","potentialAction":[{"@type":"ReadAction","target":["https:\/\/www.swud.org\/en\/auftakt-swd-feiert-jubilaeum\/"]}]},{"@type":"ImageObject","inLanguage":"en-GB","@id":"https:\/\/www.swud.org\/en\/auftakt-swd-feiert-jubilaeum\/#primaryimage","url":"https:\/\/www.swud.org\/wp-content\/uploads\/2025\/02\/Jubilaeum-KYC.jpg","contentUrl":"https:\/\/www.swud.org\/wp-content\/uploads\/2025\/02\/Jubilaeum-KYC.jpg","width":300,"height":300},{"@type":"BreadcrumbList","@id":"https:\/\/www.swud.org\/en\/auftakt-swd-feiert-jubilaeum\/#breadcrumb","itemListElement":[{"@type":"ListItem","position":1,"name":"Startseite","item":"https:\/\/www.swud.org\/"},{"@type":"ListItem","position":2,"name":"Auftakt: SW&amp;D feiert Jubil\u00e4um"}]},{"@type":"WebSite","@id":"https:\/\/www.swud.org\/#website","url":"https:\/\/www.swud.org\/","name":"Foundation Science and Democracy","description":"","potentialAction":[{"@type":"SearchAction","target":{"@type":"EntryPoint","urlTemplate":"https:\/\/www.swud.org\/?s={search_term_string}"},"query-input":{"@type":"PropertyValueSpecification","valueRequired":true,"valueName":"search_term_string"}}],"inLanguage":"en-GB"},{"@type":"Person","@id":"https:\/\/www.swud.org\/#\/schema\/person\/a77df42448fabd372f76092aec4f6e45","name":"Kirsten Richter","image":{"@type":"ImageObject","inLanguage":"en-GB","@id":"https:\/\/www.swud.org\/#\/schema\/person\/image\/","url":"https:\/\/secure.gravatar.com\/avatar\/cbb9547013051ab71268fd6f521af75b92312d5e9be914eef4950b941357e351?s=96&d=mm&r=g","contentUrl":"https:\/\/secure.gravatar.com\/avatar\/cbb9547013051ab71268fd6f521af75b92312d5e9be914eef4950b941357e351?s=96&d=mm&r=g","caption":"Kirsten Richter"}}]}},"_links":{"self":[{"href":"https:\/\/www.swud.org\/en\/wp-json\/wp\/v2\/posts\/6712","targetHints":{"allow":["GET"]}}],"collection":[{"href":"https:\/\/www.swud.org\/en\/wp-json\/wp\/v2\/posts"}],"about":[{"href":"https:\/\/www.swud.org\/en\/wp-json\/wp\/v2\/types\/post"}],"author":[{"embeddable":true,"href":"https:\/\/www.swud.org\/en\/wp-json\/wp\/v2\/users\/3"}],"replies":[{"embeddable":true,"href":"https:\/\/www.swud.org\/en\/wp-json\/wp\/v2\/comments?post=6712"}],"version-history":[{"count":0,"href":"https:\/\/www.swud.org\/en\/wp-json\/wp\/v2\/posts\/6712\/revisions"}],"wp:featuredmedia":[{"embeddable":true,"href":"https:\/\/www.swud.org\/en\/wp-json\/wp\/v2\/media\/6700"}],"wp:attachment":[{"href":"https:\/\/www.swud.org\/en\/wp-json\/wp\/v2\/media?parent=6712"}],"wp:term":[{"taxonomy":"category","embeddable":true,"href":"https:\/\/www.swud.org\/en\/wp-json\/wp\/v2\/categories?post=6712"},{"taxonomy":"post_tag","embeddable":true,"href":"https:\/\/www.swud.org\/en\/wp-json\/wp\/v2\/tags?post=6712"}],"curies":[{"name":"wp","href":"https:\/\/api.w.org\/{rel}","templated":true}]}}